{"id":196,"date":"2012-08-17T00:08:29","date_gmt":"2012-08-17T00:08:29","guid":{"rendered":"http:\/\/www.encontracangaiba.com.br\/noticias\/?p=196"},"modified":"2019-04-29T19:28:58","modified_gmt":"2019-04-29T19:28:58","slug":"cangaiba-sebrae-na-uspitec-workshops-orientam-sobre-inovacao-e-oportunidades-na-copa-2014","status":"publish","type":"post","link":"https:\/\/www.encontracangaiba.com.br\/sobre\/cangaiba-sebrae-na-uspitec-workshops-orientam-sobre-inovacao-e-oportunidades-na-copa-2014\/","title":{"rendered":"Canga\u00edba: Sebrae na USPiTec, workshops orientam sobre Inova\u00e7\u00e3o e oportunidades na Copa 2014"},"content":{"rendered":"<div class=\"a1e1db6accae6c8a34d358f6138a7b2e\" data-index=\"1\" style=\"float: left; margin: 15px 15px 15px 0;\">\n<!-- EBR \/Novo-Bairro\/ 300x250 - pub-85 -->\r\n<ins class=\"adsbygoogle\"\r\n     style=\"display:inline-block;width:300px;height:250px\"\r\n     data-ad-client=\"ca-pub-8585364105181520\"\r\n     data-ad-slot=\"4691134188\"><\/ins>\r\n<script>\r\n(adsbygoogle = window.adsbygoogle || []).push({});\r\n<\/script>\r\n\n<\/div>\n<p>O Sebrae-SP, por meio do escrit\u00f3rio regional Capital Leste \u2013 No bairro de Itaquera, ser\u00e1 um dos parceiros da USPiTec-2012, primeira feira de Inova\u00e7\u00e3o &amp; Empreendedorismo, que acontece nos dias 23, 24 e 25 de agosto na Escola de Artes, Ci\u00eancias e Humanidades (EACH) \u2013 USP Leste. A expectativa do Sebrae \u00e9 atender perto de 800 pessoas nos tr\u00eas dias de evento, entre empres\u00e1rios de micro e pequenas empresas (MPEs) e potenciais empreendedores.<\/p>\n<p>A USPiTec, realizada pela\u00a0 Ag\u00eancia USP de Inova\u00e7\u00e3o, ligada \u00e0 Pr\u00f3-Reitoria de Pesquisa,\u00a0\u00a0vai reunir 140 expositores entre pesquisadores, empresas e entidades diversas.\u00a0 O objetivo, segundo os realizadores, \u00e9 gerar um ambiente de troca de ideias entre empresas e pesquisadores, para que a inova\u00e7\u00e3o tecnol\u00f3gica fique cada vez mais forte no ambiente acad\u00eamico, e tenha maior relev\u00e2ncia para a sociedade.<\/p>\n<p>Est\u00e3o programadas pelo Sebrae-SP para a feira tr\u00eas a\u00e7\u00f5es em frentes de trabalho fundamentais para a entidade. No dia 23, das 19 \u00e0s 21 horas, acontece o Semin\u00e1rio Oportunidades e Neg\u00f3cios Sebrae 2014 \u2013 palestra que tem como objetivo levar informa\u00e7\u00f5es e fomentar neg\u00f3cios a partir do megaevento Copa do Mundo 2014.<\/p>\n<p>Consultores apresentar\u00e3o o Mapa de Oportunidades em 10 setores de atividade, desenvolvido pelo Sebrae em parceria com a Funda\u00e7\u00e3o Get\u00falio Vargas (FGV). \u201cA meta dessa a\u00e7\u00e3o \u00e9 contribuir\u00a0 com informa\u00e7\u00f5es para ampliar a competitividade das MPEs, de modo que possam explorar ao m\u00e1ximo as possibilidades de benef\u00edcios antes, durante e depois da Copa\u201d, destaca a gerente regional do Sebrae-SP, Maria Alice Alves Moreira.<\/p>\n<p><strong>Inova\u00e7\u00e3o<\/strong><\/p>\n<p>No dia 24, das 9 \u00e0s 11h30, ser\u00e1 tratado o tema da Inova\u00e7\u00e3o. Um workshop com palestrante do Sebrae mostrar\u00e1, com foco em empresas de qualquer ramo de atividade (ind\u00fastria, com\u00e9rcio, servi\u00e7os) a import\u00e2ncia de implantar a\u00e7\u00f5es inovadoras no cotidiano do neg\u00f3cio. E que isso pode ser feito de maneira f\u00e1cil, sem grandes custos ou investimentos e, a depender da medida implementada, com resultados econ\u00f4micos r\u00e1pidos.<\/p>\n<p>Os participantes poder\u00e3o ainda fazer um \u2018check up\u2019 de sua atividade e avaliar o grau de inova\u00e7\u00e3o em sua empresa.<\/p>\n<p>Para o \u00faltimo dia da feira, 25 de agosto, das 10 \u00e0s 12 horas, o Sebrae preparou uma consultoria coletiva para an\u00e1lise de viabilidade de novos neg\u00f3cios. Nesta atividade, potenciais empreendedores ser\u00e3o orientados sobre a import\u00e2ncia de buscar conhecimento, tanto do mercado escolhido como da atividade em que desejam se estabelecer, de forma a ampliar suas chances de sucesso.<\/p>\n<p>O Sebrae-SP ter\u00e1 ainda um estande institucional, que far\u00e1 atendimentos individuais nos tr\u00eas dias da feira, sempre das 12 \u00e0s 20\u00a0horas.<\/p>\n<p>Todas as atividades s\u00e3o gratuitas. Mais informa\u00e7\u00f5es e\u00a0 inscri\u00e7\u00f5es pelo telefone\u00a0(11) 3717-0733.<\/p>\n<p>&nbsp;<\/p>\n<p><strong>\u00a0<\/strong><strong><em>Confira a programa\u00e7\u00e3o:<\/em><\/strong><\/p>\n<p><strong>\u00a0<\/strong><strong>Data:\u00a0<\/strong>23\/08<\/p>\n<p><strong>Semin\u00e1rio Oportunidades de Neg\u00f3cios para 2014 \u2013 Empresas que marcam gol<\/strong><\/p>\n<p><strong>Hor\u00e1rio:\u00a0<\/strong>das 19h \u00e0s 21h<\/p>\n<p>&nbsp;<\/p>\n<p><strong>Data:<\/strong>\u00a024\/08<\/p>\n<p><strong>Workshop de Inova\u00e7\u00e3o<\/strong><\/p>\n<p><strong>Hor\u00e1rio:\u00a0<\/strong>das 9h \u00e0s 11h30<\/p>\n<p>&nbsp;<\/p>\n<p><strong>Data:<\/strong>\u00a025\/08<\/p>\n<p><strong>Consultoria coletiva \u2013 An\u00e1lise e Viabilidade de Neg\u00f3cios<\/strong><\/p>\n<p><strong>Hor\u00e1rio:\u00a0<\/strong>das 10h \u00e0s 12h<\/p>\n<p>&nbsp;<\/p>\n<p><strong>Data<\/strong>: 23, 24 e 25\/08<\/p>\n<p><strong>Atendimento individual no estande do Sebrae-SP<\/strong><\/p>\n<p><strong>Hor\u00e1rio:\u00a0<\/strong>das 12h \u00e0s 20h<\/p>\n<p><strong>\u00a0<\/strong><\/p>\n<p><strong>Local:\u00a0<\/strong>EACH \u2013 USP Leste<\/p>\n<p><strong>Endere\u00e7o<\/strong>: Rua Arlindo B\u00e9ttio, 1000 \u2013 Canga\u00edba \u2013 S\u00e3o Paulo &#8211; SP<\/p>\n<p>&nbsp;<\/p>\n\n<div style=\"font-size: 0px; height: 0px; line-height: 0px; margin: 0; padding: 0; clear: both;\"><\/div>","protected":false},"excerpt":{"rendered":"<p>O Sebrae-SP, por meio do escrit\u00f3rio regional Capital Leste \u2013 No bairro de Itaquera, ser\u00e1 um dos parceiros da USPiTec-2012, primeira feira de Inova\u00e7\u00e3o &amp; Empreendedorismo, que acontece nos dias 23, 24 e 25 de agosto na Escola de Artes, Ci\u00eancias e Humanidades (EACH) \u2013 USP Leste. A expectativa do Sebrae \u00e9 atender perto de 800 pessoas nos tr\u00eas dias de evento, entre empres\u00e1rios de micro e pequenas empresas (MPEs) e potenciais empreendedores. A USPiTec, realizada pela\u00a0 Ag\u00eancia USP de Inova\u00e7\u00e3o, ligada \u00e0 Pr\u00f3-Reitoria de Pesquisa,\u00a0\u00a0vai reunir 140 expositores entre pesquisadores, empresas e entidades diversas.\u00a0 O objetivo, segundo os realizadores, <\/p>\n","protected":false},"author":1,"featured_media":0,"comment_status":"open","ping_status":"closed","sticky":false,"template":"","format":"standard","meta":{"footnotes":""},"categories":[6],"tags":[14],"class_list":["post-196","post","type-post","status-publish","format-standard","hentry","category-noticias-no-cangaiba","tag-cangaiba"],"aioseo_notices":[],"_links":{"self":[{"href":"https:\/\/www.encontracangaiba.com.br\/sobre\/wp-json\/wp\/v2\/posts\/196"}],"collection":[{"href":"https:\/\/www.encontracangaiba.com.br\/sobre\/wp-json\/wp\/v2\/posts"}],"about":[{"href":"https:\/\/www.encontracangaiba.com.br\/sobre\/wp-json\/wp\/v2\/types\/post"}],"author":[{"embeddable":true,"href":"https:\/\/www.encontracangaiba.com.br\/sobre\/wp-json\/wp\/v2\/users\/1"}],"replies":[{"embeddable":true,"href":"https:\/\/www.encontracangaiba.com.br\/sobre\/wp-json\/wp\/v2\/comments?post=196"}],"version-history":[{"count":0,"href":"https:\/\/www.encontracangaiba.com.br\/sobre\/wp-json\/wp\/v2\/posts\/196\/revisions"}],"wp:attachment":[{"href":"https:\/\/www.encontracangaiba.com.br\/sobre\/wp-json\/wp\/v2\/media?parent=196"}],"wp:term":[{"taxonomy":"category","embeddable":true,"href":"https:\/\/www.encontracangaiba.com.br\/sobre\/wp-json\/wp\/v2\/categories?post=196"},{"taxonomy":"post_tag","embeddable":true,"href":"https:\/\/www.encontracangaiba.com.br\/sobre\/wp-json\/wp\/v2\/tags?post=196"}],"curies":[{"name":"wp","href":"https:\/\/api.w.org\/{rel}","templated":true}]}}