{"id":67,"date":"2011-04-13T14:39:36","date_gmt":"2011-04-13T14:39:36","guid":{"rendered":"http:\/\/www.encontracangaiba.com.br\/noticias\/?p=67"},"modified":"2019-04-29T19:29:00","modified_gmt":"2019-04-29T19:29:00","slug":"cangaiba-policia-apreende-14-t-de-queijo-sem-registro","status":"publish","type":"post","link":"https:\/\/www.encontracangaiba.com.br\/sobre\/cangaiba-policia-apreende-14-t-de-queijo-sem-registro\/","title":{"rendered":"Canga\u00edba: Pol\u00edcia apreende 14 t de queijo sem registro"},"content":{"rendered":"<div class=\"a1e1db6accae6c8a34d358f6138a7b2e\" data-index=\"1\" style=\"float: left; margin: 15px 15px 15px 0;\">\n<!-- EBR \/Novo-Bairro\/ 300x250 - pub-85 -->\r\n<ins class=\"adsbygoogle\"\r\n     style=\"display:inline-block;width:300px;height:250px\"\r\n     data-ad-client=\"ca-pub-8585364105181520\"\r\n     data-ad-slot=\"4691134188\"><\/ins>\r\n<script>\r\n(adsbygoogle = window.adsbygoogle || []).push({});\r\n<\/script>\r\n\n<\/div>\n<p>A Pol\u00edcia Civil apreendeu na manh\u00e3 desta segunda-feira em S\u00e3o Paulo cerca de 14 toneladas de queijo sem controle sanit\u00e1rio.<\/p>\n<p>De acordo com o DPPC (Departamento de Pol\u00edcia de Prote\u00e7\u00e3o \u00e0 Cidadania), o  queijo era proveniente de Minas Gerais e foi apreendido em dois locais  da cidade.<\/p>\n<p>A apreens\u00e3o feita pela 1\u00aa Delegacia de Sa\u00fade P\u00fablica ocorreu na pra\u00e7a  Durvalino Frigo, em Canga\u00edba, na regi\u00e3o da Penha, onde uma pessoa foi  presa em flagrante.<\/p>\n<p>A apreens\u00e3o feita pela 2\u00aa Delegacia de Sa\u00fade P\u00fablica ocorreu na avenida  do Estado, onde foram presos os respons\u00e1veis pelo transporte e pela  distribui\u00e7\u00e3o do queijo.<br \/>\n<em><br \/>\nFonte: Folha de S. Paulo<\/em><\/p>\n\n<div style=\"font-size: 0px; height: 0px; line-height: 0px; margin: 0; padding: 0; clear: both;\"><\/div>","protected":false},"excerpt":{"rendered":"<p>A Pol\u00edcia Civil apreendeu na manh\u00e3 desta segunda-feira em S\u00e3o Paulo cerca de 14 toneladas de queijo sem controle sanit\u00e1rio. De acordo com o DPPC (Departamento de Pol\u00edcia de Prote\u00e7\u00e3o \u00e0 Cidadania), o queijo era proveniente de Minas Gerais e foi apreendido em dois locais da cidade. A apreens\u00e3o feita pela 1\u00aa Delegacia de Sa\u00fade P\u00fablica ocorreu na pra\u00e7a Durvalino Frigo, em Canga\u00edba, na regi\u00e3o da Penha, onde uma pessoa foi presa em flagrante. A apreens\u00e3o feita pela 2\u00aa Delegacia de Sa\u00fade P\u00fablica ocorreu na avenida do Estado, onde foram presos os respons\u00e1veis pelo transporte e pela distribui\u00e7\u00e3o do queijo. <\/p>\n","protected":false},"author":1,"featured_media":0,"comment_status":"open","ping_status":"closed","sticky":false,"template":"","format":"standard","meta":{"footnotes":""},"categories":[6],"tags":[],"class_list":["post-67","post","type-post","status-publish","format-standard","hentry","category-noticias-no-cangaiba"],"aioseo_notices":[],"_links":{"self":[{"href":"https:\/\/www.encontracangaiba.com.br\/sobre\/wp-json\/wp\/v2\/posts\/67"}],"collection":[{"href":"https:\/\/www.encontracangaiba.com.br\/sobre\/wp-json\/wp\/v2\/posts"}],"about":[{"href":"https:\/\/www.encontracangaiba.com.br\/sobre\/wp-json\/wp\/v2\/types\/post"}],"author":[{"embeddable":true,"href":"https:\/\/www.encontracangaiba.com.br\/sobre\/wp-json\/wp\/v2\/users\/1"}],"replies":[{"embeddable":true,"href":"https:\/\/www.encontracangaiba.com.br\/sobre\/wp-json\/wp\/v2\/comments?post=67"}],"version-history":[{"count":0,"href":"https:\/\/www.encontracangaiba.com.br\/sobre\/wp-json\/wp\/v2\/posts\/67\/revisions"}],"wp:attachment":[{"href":"https:\/\/www.encontracangaiba.com.br\/sobre\/wp-json\/wp\/v2\/media?parent=67"}],"wp:term":[{"taxonomy":"category","embeddable":true,"href":"https:\/\/www.encontracangaiba.com.br\/sobre\/wp-json\/wp\/v2\/categories?post=67"},{"taxonomy":"post_tag","embeddable":true,"href":"https:\/\/www.encontracangaiba.com.br\/sobre\/wp-json\/wp\/v2\/tags?post=67"}],"curies":[{"name":"wp","href":"https:\/\/api.w.org\/{rel}","templated":true}]}}